{"id":1051,"date":"2018-01-29T15:27:55","date_gmt":"2018-01-29T15:27:55","guid":{"rendered":"http:\/\/carnavalesca.org\/?p=1051"},"modified":"2018-04-22T13:17:24","modified_gmt":"2018-04-22T13:17:24","slug":"rejunta-meu-bulcao-e-a-diver-cidade","status":"publish","type":"post","link":"http:\/\/carnavalesca.org\/wp\/2018\/01\/29\/rejunta-meu-bulcao-e-a-diver-cidade\/","title":{"rendered":"Rejunta meu Bulc\u00e3o e a diver-cidade"},"content":{"rendered":"<div data-contents=\"true\">\n<div class=\"\" data-block=\"true\" data-editor=\"1f0nf\" data-offset-key=\"6ne1c-0-0\">\n<div class=\"_1mf _1mj\" data-offset-key=\"6ne1c-0-0\"><span data-offset-key=\"6ne1c-0-0\">O Carnavalesca.org estar\u00e1 no bloco Rejunta meu Bulc\u00e3o 2018 celebrando a vida, o direito \u00e0 cidade e os 100 anos de Athos Bulc\u00e3o! <\/span><\/div>\n<\/div>\n<div class=\"\" data-block=\"true\" data-editor=\"1f0nf\" data-offset-key=\"20q8u-0-0\">\n<div class=\"_1mf _1mj\" data-offset-key=\"20q8u-0-0\"><span data-offset-key=\"20q8u-0-0\">\u00a0<\/span><\/div>\n<\/div>\n<div class=\"\" data-block=\"true\" data-editor=\"1f0nf\" data-offset-key=\"8v9i4-0-0\">\n<div class=\"_1mf _1mj\" data-offset-key=\"8v9i4-0-0\"><span data-offset-key=\"8v9i4-0-0\">As atra\u00e7\u00f5es deste ano est\u00e3o um brilho s\u00f3! Para abrir os trabalhos teremos a DJ Presen\u00e7a (Jul Pagul) com sua pajelan\u00e7a sonora, seguindo da super banda de p\u00edfanos Ventoinha de Canudo que este ano comemora 15 anos de arte e resist\u00eancia na cultura popular. Ap\u00f3s o Ventoinha ser\u00e1 a vez da tradicional bateria As\u00e9 Dud\u00fa incendiar nossos sentidos com seus tambores, suas cores e seu ax\u00e9. Para fechar a noite de forma tropicante e gliteriosa teremos Karla Testa botando um som que contagia at\u00e9 quem \u00e9 ruim da cabe\u00e7a ou doente do p\u00e9.<\/span><\/div>\n<\/div>\n<div class=\"\" data-block=\"true\" data-editor=\"1f0nf\" data-offset-key=\"8d6v-0-0\">\n<div class=\"_1mf _1mj\" data-offset-key=\"8d6v-0-0\"><span data-offset-key=\"8d6v-0-0\">Por que celebrar Athos Bulc\u00e3o no carnaval ? Bulc\u00e3o \u00e9 parte da identidade visual de Bras\u00edlia. N\u00e3o h\u00e1 como viajar nas asas do avi\u00e3o sem voar nas asas da pomba da igrejinha, Athos e Bras\u00edlia viraram uma coisa s\u00f3. \u201cAthos Bulc\u00e3o \u00e9 patrim\u00f4nio afetivo de Bras\u00edlia e em seu centen\u00e1rio nosso bloco realizar\u00e1 um sonho do artista, ocupar as ruas e colorir seu povo com sua arte no carnaval\u201d, diz Marina Mara, coordenadora do bloco Rejunta meu Bulc\u00e3o. Athos n\u00e3o acredita em inspira\u00e7\u00e3o. Para ele, o que existe \u00e9 o talento e muito trabalho. &#8220;Arte \u00e9 cosa mentale&#8221;, diz, citando Leonardo da Vinci.<\/span><\/div>\n<\/div>\n<div class=\"\" data-block=\"true\" data-editor=\"1f0nf\" data-offset-key=\"16a9l-0-0\">\n<div class=\"_1mf _1mj\" data-offset-key=\"16a9l-0-0\"><span data-offset-key=\"16a9l-0-0\">\u00a0<\/span><\/div>\n<\/div>\n<div class=\"\" data-block=\"true\" data-editor=\"1f0nf\" data-offset-key=\"6q3pj-0-0\">\n<div class=\"_1mf _1mj\" data-offset-key=\"6q3pj-0-0\"><span data-offset-key=\"6q3pj-0-0\">Veja na galeria de fotos os artistas que j\u00e1 Rejuntaram &lt;3 !<\/span><\/div>\n<\/div>\n<div class=\"\" data-block=\"true\" data-editor=\"1f0nf\" data-offset-key=\"6op92-0-0\">\n<div class=\"_1mf _1mj\" data-offset-key=\"6op92-0-0\"><span data-offset-key=\"6op92-0-0\">\u00a0<\/span><\/div>\n<\/div>\n<div class=\"\" data-block=\"true\" data-editor=\"1f0nf\" data-offset-key=\"945c5-0-0\">\n<div class=\"_1mf _1mj\" data-offset-key=\"945c5-0-0\"><span data-offset-key=\"945c5-0-0\">SERVI\u00c7O<\/span><\/div>\n<\/div>\n<div class=\"\" data-block=\"true\" data-editor=\"1f0nf\" data-offset-key=\"d00cj-0-0\">\n<div class=\"_1mf _1mj\" data-offset-key=\"d00cj-0-0\"><span data-offset-key=\"d00cj-0-0\">09\/02\/2018 das 16h20 \u00e0s 22h<\/span><\/div>\n<\/div>\n<div class=\"\" data-block=\"true\" data-editor=\"1f0nf\" data-offset-key=\"19l2h-0-0\">\n<div class=\"_1mf _1mj\" data-offset-key=\"19l2h-0-0\"><span data-offset-key=\"19l2h-0-0\">Na Pra\u00e7a dos Prazeres 201 Norte (antigo Balaio Caf\u00e9)<\/span><\/div>\n<\/div>\n<div class=\"\" data-block=\"true\" data-editor=\"1f0nf\" data-offset-key=\"9tjcu-0-0\">\n<div class=\"_1mf _1mj\" data-offset-key=\"9tjcu-0-0\"><span data-offset-key=\"9tjcu-0-0\">Nosso evento no FB: https:\/\/www.facebook.com\/events\/1971202796470737\/<\/span><\/div>\n<\/div>\n<\/div>\n<div data-offset-key=\"9tjcu-0-0\">\n\n<\/div>\n","protected":false},"excerpt":{"rendered":"<p>O Carnavalesca.org estar\u00e1 no bloco Rejunta meu Bulc\u00e3o 2018 celebrando a vida, o direito \u00e0 cidade e os 100 anos de Athos Bulc\u00e3o! \u00a0 As [&hellip;]<\/p>\n","protected":false},"author":1,"featured_media":2511,"comment_status":"open","ping_status":"open","sticky":false,"template":"","format":"standard","meta":{"footnotes":""},"categories":[10],"tags":[32,47,58,72,21,57],"class_list":["post-1051","post","type-post","status-publish","format-standard","has-post-thumbnail","hentry","category-pelo-mundo","tag-centenariodeathosbulcao","tag-memesdecarnaval","tag-100anosathosbulcao","tag-athos-bulcao","tag-blocodecarnaval","tag-secult-blocosderua-carnaval"],"_links":{"self":[{"href":"http:\/\/carnavalesca.org\/wp\/wp-json\/wp\/v2\/posts\/1051","targetHints":{"allow":["GET"]}}],"collection":[{"href":"http:\/\/carnavalesca.org\/wp\/wp-json\/wp\/v2\/posts"}],"about":[{"href":"http:\/\/carnavalesca.org\/wp\/wp-json\/wp\/v2\/types\/post"}],"author":[{"embeddable":true,"href":"http:\/\/carnavalesca.org\/wp\/wp-json\/wp\/v2\/users\/1"}],"replies":[{"embeddable":true,"href":"http:\/\/carnavalesca.org\/wp\/wp-json\/wp\/v2\/comments?post=1051"}],"version-history":[{"count":1,"href":"http:\/\/carnavalesca.org\/wp\/wp-json\/wp\/v2\/posts\/1051\/revisions"}],"predecessor-version":[{"id":2512,"href":"http:\/\/carnavalesca.org\/wp\/wp-json\/wp\/v2\/posts\/1051\/revisions\/2512"}],"wp:featuredmedia":[{"embeddable":true,"href":"http:\/\/carnavalesca.org\/wp\/wp-json\/wp\/v2\/media\/2511"}],"wp:attachment":[{"href":"http:\/\/carnavalesca.org\/wp\/wp-json\/wp\/v2\/media?parent=1051"}],"wp:term":[{"taxonomy":"category","embeddable":true,"href":"http:\/\/carnavalesca.org\/wp\/wp-json\/wp\/v2\/categories?post=1051"},{"taxonomy":"post_tag","embeddable":true,"href":"http:\/\/carnavalesca.org\/wp\/wp-json\/wp\/v2\/tags?post=1051"}],"curies":[{"name":"wp","href":"https:\/\/api.w.org\/{rel}","templated":true}]}}