{"id":1642,"date":"2018-03-06T13:11:39","date_gmt":"2018-03-06T13:11:39","guid":{"rendered":"http:\/\/carnavalesca.org\/?p=1642"},"modified":"2018-04-21T22:36:27","modified_gmt":"2018-04-21T22:36:27","slug":"bloco-porao-do-dops-faz-apologia-a-tortura-no-carnaval-em-sao-paulo","status":"publish","type":"post","link":"http:\/\/carnavalesca.org\/wp\/2018\/03\/06\/bloco-porao-do-dops-faz-apologia-a-tortura-no-carnaval-em-sao-paulo\/","title":{"rendered":"Bloco Por\u00e3o do DOPS faz apologia \u00e0 tortura no carnaval em S\u00e3o Paulo"},"content":{"rendered":"<p style=\"text-align: left;\"><img loading=\"lazy\" decoding=\"async\" class=\"size-medium wp-image-1677 alignleft\" src=\"http:\/\/carnavalesca.org\/wp-content\/uploads\/2018\/03\/tortura-nunca-mais-300x214.png\" alt=\"\" width=\"300\" height=\"214\" \/>A instaura\u00e7\u00e3o do Golpe de 2016 somado \u00e0 \u201cliberdade de express\u00e3o\u201d nas redes sociais resultou no ressurgimento do fascismo com for\u00e7a total no Brasil, com direito a coreografia-verdeamarela e um bloco de Carnaval em homenagem aos torturadores da Ditadura Militar passada. Esse equ\u00edvoco aleg\u00f3rico intitulado Bloco Por\u00e3o do DOPS pretendia ganhar as ruas de S\u00e3o Paulo em 2018 \u00a0no intuito de enaltecer o torturadores como o delegado S\u00e9rgio Fleury e o coronel Ustra (foto), \u00a0torturador condenado por diversas torturas, entre elas a da presidenta Dilma Rousseff.<\/p>\n<p style=\"text-align: left;\">Gra\u00e7as ao empenho de 25 entidades No in\u00edcio de fevereiro o Tribunal de Justi\u00e7a concedeu liminar proibindo o Bloco Por\u00e3o do DOPS de sair no Carnaval de S\u00e3o Paulo. A decis\u00e3o foi tomada pelo desembargador relator Jos\u00e9 Rubens Queiroz Gomes da 7\u00aa C\u00e2mara de Direito Privado. O texto expressa a proibi\u00e7\u00e3o do uso de imagens e textos que fa\u00e7am apologia ao crime de tortura no carnaval \u2013 a maior festa do planeta e uma ode anual \u00e0 alegria, a liberdade e ao amor.<\/p>\n<p style=\"text-align: left;\">O descumprimento da liminar custar\u00e1 50 mil reais por dia aos organizadores do bloco, que recorreram da decis\u00e3o <img loading=\"lazy\" decoding=\"async\" class=\"wp-image-1643 alignright\" src=\"http:\/\/carnavalesca.org\/wp-content\/uploads\/2018\/03\/dops-eca-300x176.jpg\" alt=\"\" width=\"344\" height=\"202\" \/>junto a 39\u00aa Vara C\u00edvel alegando que a liminar fere seu direito \u00e0 Liberdade de Express\u00e3o. O caso ainda est\u00e1 em tramita\u00e7\u00e3o na 7\u00aa C\u00e2mara de Direito Privado, mas o bloco j\u00e1 se posicionou acerca da decis\u00e3o de n\u00e3o ter desfilado nas ruas de S\u00e3o Paulo no carnaval 2018, mas em local privado. \u201ca gente reconhece ue houve uma repress\u00e3o, mas a gente n\u00e3o reconhece a ditadura. A gente culpa os grupos de guerrilha a \u00e9poca por terem praticado terrorismo\u201d, afirma a cidad\u00e3 de bem e coordenadora do bloco Por\u00e3o do DOPS Stefanny Papaiano.<\/p>\n<p style=\"text-align: left;\">Analisando de uma forma sist\u00eamica a quest\u00e3o &#8211; e ap\u00f3s o susto dado \u00e0 bizarrice do fato \u2013 o Carnavalesca.org buscou a opini\u00e3o da fam\u00edlia de alguns desaparecidos pol\u00edticos. Quem nos recebeu foi o ativista social Mateus Guimar\u00e3es, sobrinho de Honestino Guimar\u00e3es \u2013 presidente da UNE sequestrado pela Ditadura Militar em 1973. Para Mateus \u201co Carnaval \u00e9 a maior express\u00e3o de felicidade e liberdade de nosso povo. N\u00e3o combina com tortura e sofrimento. Se essas pessoas tivessem ideia do terror que se passou nos por\u00f5es e do sofrimento das fam\u00edlias, como a minha por exemplo, certamente n\u00e3o fariam. Investir na educa\u00e7\u00e3o, na preserva\u00e7\u00e3o de nossa mem\u00f3ria real, esse \u00e9 um caminho no qual eu acredito.\u201d<\/p>\n<p style=\"text-align: left;\">A<img loading=\"lazy\" decoding=\"async\" class=\"wp-image-1644 alignleft\" src=\"http:\/\/carnavalesca.org\/wp-content\/uploads\/2018\/03\/mateus-honestino-300x212.jpg\" alt=\"\" width=\"286\" height=\"202\" \/> decis\u00e3o do desembargador foi pautada no pedido e 25 entidades como Tortura Nunca Mais, Movimento Nacional dos Direitos Humanos e a Comiss\u00e3o de Direitos Humanos da OAB, que protocolaram um documento solicitando o impedimento do desfile do bloco em quest\u00e3o. A essas entidades nosso agradecimento em nome do povo brasileiro que tem o carnaval como tesouro cultural inalien\u00e1vel.<\/p>\n<p>&nbsp;<\/p>\n<p style=\"text-align: right;\"><em>&#8230;Seja nos muros da cidade<\/em><\/p>\n<p style=\"text-align: right;\"><em>Ou nos zines da UnB<\/em><\/p>\n<p style=\"text-align: right;\"><em>Honestino Guimar\u00e3es<\/em><\/p>\n<p style=\"text-align: right;\"><em>Lutou por dias melhores<\/em><\/p>\n<p style=\"text-align: right;\"><em>Para mim e para voc\u00ea<\/em><\/p>\n<p style=\"text-align: right;\"><em>E por essa ousadia<\/em><\/p>\n<p style=\"text-align: right;\"><em>De lutar por igualdade<\/em><\/p>\n<p style=\"text-align: right;\"><em>Tentaram prender<\/em><\/p>\n<p style=\"text-align: right;\"><em>Seus sonhos<\/em><\/p>\n<p style=\"text-align: right;\"><em>Mas os sonhos passam<\/em><\/p>\n<p style=\"text-align: right;\"><em>Pelas grades&#8230;<\/em><\/p>\n<p style=\"text-align: right;\"><em>(trecho do poema Honestino, de Marina Mara)<\/em><\/p>\n<p style=\"text-align: left;\"><em>\u00a0<\/em><\/p>\n<p style=\"text-align: left;\"><em>\u00a0<\/em><\/p>\n<p style=\"text-align: left;\">Fonte: carnavalesca.org<\/p>\n","protected":false},"excerpt":{"rendered":"<p>A instaura\u00e7\u00e3o do Golpe de 2016 somado \u00e0 \u201cliberdade de express\u00e3o\u201d nas redes sociais resultou no ressurgimento do fascismo com for\u00e7a total no Brasil, com [&hellip;]<\/p>\n","protected":false},"author":1,"featured_media":2491,"comment_status":"open","ping_status":"open","sticky":false,"template":"","format":"standard","meta":{"footnotes":""},"categories":[8],"tags":[42,25,127,137,153,140,248],"class_list":["post-1642","post","type-post","status-publish","format-standard","has-post-thumbnail","hentry","category-outros-carnavais","tag-igualdade-respeito-cidadania","tag-carnaval2018","tag-carnaval-patrimonio-da-humanidade","tag-carnavalesca","tag-ditadura-militar","tag-carnavalpelomundo","tag-torturanuncaais"],"_links":{"self":[{"href":"http:\/\/carnavalesca.org\/wp\/wp-json\/wp\/v2\/posts\/1642","targetHints":{"allow":["GET"]}}],"collection":[{"href":"http:\/\/carnavalesca.org\/wp\/wp-json\/wp\/v2\/posts"}],"about":[{"href":"http:\/\/carnavalesca.org\/wp\/wp-json\/wp\/v2\/types\/post"}],"author":[{"embeddable":true,"href":"http:\/\/carnavalesca.org\/wp\/wp-json\/wp\/v2\/users\/1"}],"replies":[{"embeddable":true,"href":"http:\/\/carnavalesca.org\/wp\/wp-json\/wp\/v2\/comments?post=1642"}],"version-history":[{"count":1,"href":"http:\/\/carnavalesca.org\/wp\/wp-json\/wp\/v2\/posts\/1642\/revisions"}],"predecessor-version":[{"id":2492,"href":"http:\/\/carnavalesca.org\/wp\/wp-json\/wp\/v2\/posts\/1642\/revisions\/2492"}],"wp:featuredmedia":[{"embeddable":true,"href":"http:\/\/carnavalesca.org\/wp\/wp-json\/wp\/v2\/media\/2491"}],"wp:attachment":[{"href":"http:\/\/carnavalesca.org\/wp\/wp-json\/wp\/v2\/media?parent=1642"}],"wp:term":[{"taxonomy":"category","embeddable":true,"href":"http:\/\/carnavalesca.org\/wp\/wp-json\/wp\/v2\/categories?post=1642"},{"taxonomy":"post_tag","embeddable":true,"href":"http:\/\/carnavalesca.org\/wp\/wp-json\/wp\/v2\/tags?post=1642"}],"curies":[{"name":"wp","href":"https:\/\/api.w.org\/{rel}","templated":true}]}}