{"id":223,"date":"2017-12-11T19:35:42","date_gmt":"2017-12-11T19:35:42","guid":{"rendered":"http:\/\/carnavalesca.org\/?p=223"},"modified":"2017-12-11T19:35:42","modified_gmt":"2017-12-11T19:35:42","slug":"baile-de-mascaras-das-divinas-tetas-e-aparelhinho","status":"publish","type":"post","link":"http:\/\/carnavalesca.org\/wp\/2017\/12\/11\/baile-de-mascaras-das-divinas-tetas-e-aparelhinho\/","title":{"rendered":"Baile de M\u00e1scaras das Divinas Tetas e Aparelhinho"},"content":{"rendered":"<p><span class=\"_4n-j _3cht fsl\" data-testid=\"event-permalink-details\">&#8220;Se voc\u00ea \u00e9 tamb\u00e9m daquelas pessoas que misturam fantasia com realidade&#8221;, seu lugar \u00e9\u00a0 Baile de M\u00e1scaras das Divinas Tetas e Aparelhinho no pr\u00f3ximo dia 15, na ASCADE!<\/span><\/p>\n<p><span class=\"_4n-j _3cht fsl\" data-testid=\"event-permalink-details\">Vamos matar essa saudade de ficar ODARA com voc\u00eas em mais uma noite divina maravilhosa! J\u00e1 preparando o cora\u00e7\u00e3o pro carnaval que est\u00e1 logo ali!<\/p>\n<p>Ent\u00e3o j\u00e1 separa os glitter porque O AMOR VENCER\u00c1!<br \/>\n<a class=\"_58cn\" href=\"https:\/\/www.facebook.com\/hashtag\/bailedasdivinastetas\" data-ft=\"{&quot;tn&quot;:&quot;*N&quot;,&quot;type&quot;:104}\">#bailedasdivinastetas<\/a> <a class=\"_58cn\" href=\"https:\/\/www.facebook.com\/hashtag\/divinastetas2017\" data-ft=\"{&quot;tn&quot;:&quot;*N&quot;,&quot;type&quot;:104}\">#divinastetas2017<\/a> <a class=\"_58cn\" href=\"https:\/\/www.facebook.com\/hashtag\/tropicalismopol\u00eamico\" data-ft=\"{&quot;tn&quot;:&quot;*N&quot;,&quot;type&quot;:104}\">#tropicalismopol\u00eamico<\/a><br \/>\n<a class=\"_58cn\" href=\"https:\/\/www.facebook.com\/hashtag\/caetano\" data-ft=\"{&quot;tn&quot;:&quot;*N&quot;,&quot;type&quot;:104}\">#caetano<\/a> <a class=\"_58cn\" href=\"https:\/\/www.facebook.com\/hashtag\/gil\" data-ft=\"{&quot;tn&quot;:&quot;*N&quot;,&quot;type&quot;:104}\">#gil<\/a> <a class=\"_58cn\" href=\"https:\/\/www.facebook.com\/hashtag\/gal\" data-ft=\"{&quot;tn&quot;:&quot;*N&quot;,&quot;type&quot;:104}\">#gal<\/a> <a class=\"_58cn\" href=\"https:\/\/www.facebook.com\/hashtag\/tomz\u00e9\" data-ft=\"{&quot;tn&quot;:&quot;*N&quot;,&quot;type&quot;:104}\">#tomz\u00e9<\/a> <a class=\"_58cn\" href=\"https:\/\/www.facebook.com\/hashtag\/mutantes\" data-ft=\"{&quot;tn&quot;:&quot;*N&quot;,&quot;type&quot;:104}\">#mutantes<\/a> <a class=\"_58cn\" href=\"https:\/\/www.facebook.com\/hashtag\/novosbaianos\" data-ft=\"{&quot;tn&quot;:&quot;*N&quot;,&quot;type&quot;:104}\">#novosbaianos<\/a> <a class=\"_58cn\" href=\"https:\/\/www.facebook.com\/hashtag\/bethania\" data-ft=\"{&quot;tn&quot;:&quot;*N&quot;,&quot;type&quot;:104}\">#bethania<\/a> <a class=\"_58cn\" href=\"https:\/\/www.facebook.com\/hashtag\/jorgeben\" data-ft=\"{&quot;tn&quot;:&quot;*N&quot;,&quot;type&quot;:104}\">#jorgeben<\/a><\/p>\n<p>\u25ba Ingressos:<span class=\"text_exposed_show\"><br \/>\nR$ 20 (vacas magras) &#8211; ESGOTADO<br \/>\nR$ 30 (vaca leiteira) &#8211; ESGOTADO<br \/>\nR$ 40 (vaca profana) &#8211; LIMITADO<\/p>\n<p><a href=\"https:\/\/www.sympla.com.br\/baile-de-mascaras-das-divinas-tetas-e-aparelhinho__219201\" target=\"_blank\" rel=\"nofollow noopener\" data-lynx-mode=\"async\" data-lynx-uri=\"https:\/\/l.facebook.com\/l.php?u=https%3A%2F%2Fwww.sympla.com.br%2Fbaile-de-mascaras-das-divinas-tetas-e-aparelhinho__219201&amp;h=ATOAnuQFmUdmQUzcCe2WO2CrLhz9JAhZjNlA94pcPNbY1LiCA9ZRpr-GWrgyPAxaDHCwT-hRtvGjsBvC0XPJfkCRBX3ip0nARFxjamr_MbPOOhrUkSqGo_HGet3TBfPyfNVFfQZGNoR9T652dsFJzlFjcJKa0766QEeGByKnBLK8dBvq\">https:\/\/www.sympla.com.br\/<wbr \/>baile-de-mascaras-das-divin<wbr \/>as-tetas-e-aparelhinho__21<wbr \/>9201<\/a><\/p>\n<p>\u25ba Aniversariantes dos dias 11 a 16 de dezembro n\u00e3o pagam a entrada! Veja a promo\u00e7\u00e3o na timeline do evento! =)<br \/>\n__________________________<wbr \/>______________________<\/p>\n<p>Servi\u00e7o:<\/p>\n<p>Show com o Bloco das Divinas Tetas<br \/>\n+ Aparelhinho (Criolina)<br \/>\n+ Convidados especialis\u00edssimos!<br \/>\n+ M\u00e1scaras<br \/>\n+ Glitteeeer<br \/>\n+ Amooooor<br \/>\n+ Carnavaaaaal<br \/>\n+ Catuabaaaaa<\/p>\n<p>Data: 15 de dezembro de 2017<br \/>\nHor\u00e1rio: 23h<br \/>\nLocal: ASCADE<\/p>\n<p>Produ\u00e7\u00e3o: Criolina e Bloco das Divinas Tetas<\/span><\/span><\/p>\n","protected":false},"excerpt":{"rendered":"<p>&#8220;Se voc\u00ea \u00e9 tamb\u00e9m daquelas pessoas que misturam fantasia com realidade&#8221;, seu lugar \u00e9\u00a0 Baile de M\u00e1scaras das Divinas Tetas e Aparelhinho no pr\u00f3ximo dia [&hellip;]<\/p>\n","protected":false},"author":1,"featured_media":224,"comment_status":"open","ping_status":"open","sticky":false,"template":"","format":"standard","meta":{"footnotes":""},"categories":[5],"tags":[17],"class_list":["post-223","post","type-post","status-publish","format-standard","has-post-thumbnail","hentry","category-eventos","tag-bailedasdivinastetas"],"_links":{"self":[{"href":"http:\/\/carnavalesca.org\/wp\/wp-json\/wp\/v2\/posts\/223","targetHints":{"allow":["GET"]}}],"collection":[{"href":"http:\/\/carnavalesca.org\/wp\/wp-json\/wp\/v2\/posts"}],"about":[{"href":"http:\/\/carnavalesca.org\/wp\/wp-json\/wp\/v2\/types\/post"}],"author":[{"embeddable":true,"href":"http:\/\/carnavalesca.org\/wp\/wp-json\/wp\/v2\/users\/1"}],"replies":[{"embeddable":true,"href":"http:\/\/carnavalesca.org\/wp\/wp-json\/wp\/v2\/comments?post=223"}],"version-history":[{"count":0,"href":"http:\/\/carnavalesca.org\/wp\/wp-json\/wp\/v2\/posts\/223\/revisions"}],"wp:featuredmedia":[{"embeddable":true,"href":"http:\/\/carnavalesca.org\/wp\/wp-json\/wp\/v2\/media\/224"}],"wp:attachment":[{"href":"http:\/\/carnavalesca.org\/wp\/wp-json\/wp\/v2\/media?parent=223"}],"wp:term":[{"taxonomy":"category","embeddable":true,"href":"http:\/\/carnavalesca.org\/wp\/wp-json\/wp\/v2\/categories?post=223"},{"taxonomy":"post_tag","embeddable":true,"href":"http:\/\/carnavalesca.org\/wp\/wp-json\/wp\/v2\/tags?post=223"}],"curies":[{"name":"wp","href":"https:\/\/api.w.org\/{rel}","templated":true}]}}