{"id":3038,"date":"2018-06-23T14:15:37","date_gmt":"2018-06-23T14:15:37","guid":{"rendered":"http:\/\/carnavalesca.org\/?p=3038"},"modified":"2018-06-23T14:15:37","modified_gmt":"2018-06-23T14:15:37","slug":"agenda-carnavalesca-programacao-do-seminario","status":"publish","type":"post","link":"http:\/\/carnavalesca.org\/wp\/2018\/06\/23\/agenda-carnavalesca-programacao-do-seminario\/","title":{"rendered":"Agenda Carnavalesca &#8211; Programa\u00e7\u00e3o do Semin\u00e1rio"},"content":{"rendered":"<p><img loading=\"lazy\" decoding=\"async\" class=\"aligncenter wp-image-3039 size-full\" src=\"http:\/\/carnavalesca.org\/wp-content\/uploads\/2018\/06\/Programac\u0327a\u0303o-Semina\u0301rio.jpeg\" alt=\"\" width=\"918\" height=\"1280\" \/><\/p>\n<p>Preparado com muito amor, suor e purpurina esse Semin\u00e1rio quer convidar voc\u00ea foli\u00e3, foli\u00e3o, carnavalesca e carnavalesco, agentes culturais, comerciante, integrante e dirigentes de Blocos de Carnaval, de Escolas de Samba e voc\u00ea que ama e curte o Carnaval de Bras\u00edlia, para conversar com a gente sobre nossa vontade de fazer cada vez melhor!<br \/>\nConfira a programa\u00e7\u00e3o, que est\u00e1 linda demais!<\/p>\n<p>Programa\u00e7\u00e3o:<\/p>\n<p>1\u00ba DIA<\/p>\n<p>18h: check-in com entrega de brinde promocional<\/p>\n<p>19h: abertura oficial<\/p>\n<p>Palestra: CARNAVAL : \u201cPatrim\u00f4nio Cultural da Humanidade\u201d<br \/>\nPalestrante: Martinho da Vila e Martinha do Coco<\/p>\n<p>As autoridades representantes dos poderes p\u00fablicos e da Unesco presentes ao evento far\u00e3o uso da palavra<\/p>\n<p>21:30 \u2013 Atividade Cultural: Martinha do Coco, Bateria Ritmo Quente &#8211; ARUC, Filhas de Oya<\/p>\n<p>_______________________<\/p>\n<p>2\u00ba DIA<\/p>\n<p>9h \u2013 abertura dos trabalhos<br \/>\nMESA: CARNAVAL E PATRIM\u00d4NIO \u2013 Realidade Transnacional \u2013 Tesouro<br \/>\nreconhecido al\u00e9m das fronteiras, ou Carnaval como patrim\u00f4nio e as<br \/>\npossibilidades de integra\u00e7\u00e3o, desenvolvimento e coopera\u00e7\u00e3o entre na\u00e7\u00f5es<br \/>\n\u2013 Experi\u00eancias do Carnaval enquanto patrim\u00f4nio mundial, reconhecido pela<br \/>\nUNESCO:<br \/>\n&#8211; CARNAVAL DEL CALLAO \u2013 VENEZUELA<br \/>\n&#8211; CARNAVAL de ORURO &#8211; BOL\u00cdVIA<br \/>\n&#8211; CARNAVAL de BARRANQUILLAS &#8211; COL\u00d4MBIA<br \/>\nCARNAVAIS que t\u00eam fomento e prote\u00e7\u00e3o garantidos<br \/>\nURUGUAI \u2013Carnaval + longo do mundo= 40 dias! (Patrim\u00f4nio Cultural Nacional)<br \/>\nCUBA \u2013 Carnaval de Santiago e a Rede de Carnavais do Caribe<br \/>\nAs falas ser\u00e3o apresentadas pelas representa\u00e7\u00f5es diplom\u00e1ticas de<br \/>\ncada pa\u00eds.<\/p>\n<p>Media\u00e7\u00e3o: Lydia Garcia \u2013 grande matriarca da fam\u00edlia Garcia,<br \/>\nmilitante do Mov. Negro e fundadora do BAzAFRO<\/p>\n<p>11h \u2013 Carnaval e Patrim\u00f4nio: identidade, a\u00e7\u00e3o, mem\u00f3ria dos diferentes<br \/>\ngrupos formadores da sociedade brasileira.<br \/>\n&#8211; Moacyr de Oliveira (MOA) \u2013 Presidente da ARUC (Patrim\u00f4nio Imaterial do DF)<br \/>\n&#8211; Luciene Velez (Nina) \u2013 Bloco Meninos da Ceil\u00e2ndia<br \/>\n&#8211; Ellen Krohn &#8211; Antrop\u00f3loga, arte- educadora, especialista em patrim\u00f4nio cultural<br \/>\n&#8211; Elizabeth Cintra \u2013 Bloco As\u00e9 Dudu<br \/>\nRepresentante Minist\u00e9rio P\u00fablico<br \/>\nRepresentante do IPHAN<br \/>\n12h30 \u2013 14h Intervalo pra almo\u00e7o<br \/>\n14h \u2013 CARNAVAL E CIDADANIA &#8211; Muitos carnavais: da possibilidade do<br \/>\nEstatuto da foliona e do foli\u00e3o ao Navio Pirata \u2013 de que lado n\u00f3s sambamos ?<br \/>\nBNeg\u00e3o, Mc, cantor, compositor, Bota Som e agitador, integrante do PlanetHemp, BNeg\u00e3o Os Seletores de Frequ\u00eancia &#8211; e participante frequente do &#8220;Navio Pirata\u201d, bloco da banda BaianaSystem, no carnaval de Salvador<br \/>\nTereza Cristina \u2013 Sambista, Carnavalesca e ativista pelos direitos culturais e humanos<br \/>\nThomas Cooper Patriota \u2013 Pesquisador em Desenvolvimento e Participa\u00e7\u00e3o Social pela Universidade de SUSSEX- Brighton (UK)<br \/>\nMedia\u00e7\u00e3o: Gabriela Tunes &#8211; Bloco Ventoinha de Canudos<\/p>\n<p>16h20 \u2013 CARNAVAL DO DF, Possibilidades e perspectivas<br \/>\nPresidente da Liga das Escolas de Samba,<br \/>\nProtagonistas dos Blocos de Carnaval do DF<br \/>\nMedia\u00e7\u00e3o: Naira Alto\u00e9 Daltro \u2013 Bras\u00edlia Carnavali\u00e1<br \/>\nApresenta\u00e7\u00e3o do Rizoma Carnavalesca \u2013 com resultado da pesquisa realizada<\/p>\n<p>19h \u2013 Encerramento e atividade cultural<br \/>\nBNeg\u00e3o Bota Som + Aparelinho<\/p>\n","protected":false},"excerpt":{"rendered":"<p>Preparado com muito amor, suor e purpurina esse Semin\u00e1rio quer convidar voc\u00ea foli\u00e3, foli\u00e3o, carnavalesca e carnavalesco, agentes culturais, comerciante, integrante e dirigentes de Blocos [&hellip;]<\/p>\n","protected":false},"author":1,"featured_media":3516,"comment_status":"closed","ping_status":"closed","sticky":false,"template":"","format":"standard","meta":{"footnotes":""},"categories":[272],"tags":[],"class_list":["post-3038","post","type-post","status-publish","format-standard","has-post-thumbnail","hentry","category-eventos-da-rede"],"_links":{"self":[{"href":"http:\/\/carnavalesca.org\/wp\/wp-json\/wp\/v2\/posts\/3038","targetHints":{"allow":["GET"]}}],"collection":[{"href":"http:\/\/carnavalesca.org\/wp\/wp-json\/wp\/v2\/posts"}],"about":[{"href":"http:\/\/carnavalesca.org\/wp\/wp-json\/wp\/v2\/types\/post"}],"author":[{"embeddable":true,"href":"http:\/\/carnavalesca.org\/wp\/wp-json\/wp\/v2\/users\/1"}],"replies":[{"embeddable":true,"href":"http:\/\/carnavalesca.org\/wp\/wp-json\/wp\/v2\/comments?post=3038"}],"version-history":[{"count":0,"href":"http:\/\/carnavalesca.org\/wp\/wp-json\/wp\/v2\/posts\/3038\/revisions"}],"wp:featuredmedia":[{"embeddable":true,"href":"http:\/\/carnavalesca.org\/wp\/wp-json\/"}],"wp:attachment":[{"href":"http:\/\/carnavalesca.org\/wp\/wp-json\/wp\/v2\/media?parent=3038"}],"wp:term":[{"taxonomy":"category","embeddable":true,"href":"http:\/\/carnavalesca.org\/wp\/wp-json\/wp\/v2\/categories?post=3038"},{"taxonomy":"post_tag","embeddable":true,"href":"http:\/\/carnavalesca.org\/wp\/wp-json\/wp\/v2\/tags?post=3038"}],"curies":[{"name":"wp","href":"https:\/\/api.w.org\/{rel}","templated":true}]}}