{"id":3761,"date":"2018-12-30T04:28:41","date_gmt":"2018-12-30T04:28:41","guid":{"rendered":"http:\/\/carnavalesca.org\/?p=3761"},"modified":"2019-02-11T15:33:03","modified_gmt":"2019-02-11T15:33:03","slug":"carnaval-silencioso-2018-serpentes-que-fumam-pelas-ruas-de-brasilia","status":"publish","type":"post","link":"http:\/\/carnavalesca.org\/wp\/2018\/12\/30\/carnaval-silencioso-2018-serpentes-que-fumam-pelas-ruas-de-brasilia\/","title":{"rendered":"Carnaval Silencioso 2018 &#8211; Serpentes que fumam pelas ruas de Bras\u00edlia"},"content":{"rendered":"<p>&nbsp;<\/p>\n<p>E no m\u00eas de dezembro tem Carnaval ? Tem ! Em Bras\u00edlia ! Batizado de Carnaval Silencioso \u00e9 uma folia promovida pela Andaime Cia de Teatro\u00a0 como forma de protesto, afeto, cria\u00e7\u00e3o e liberta\u00e7\u00e3o. Durante o desfile, Foli\u00f5es e folionas dan\u00e7am e escutam a mesma m\u00fasica em fones de ouvido.\u00a0Pra participar basta caprichar na fantasia e levar ou compartilhar um fone de ouvido. A concentra\u00e7\u00e3o e o desfile no bloco s\u00e3o gratuitos.<\/p>\n<p>De acordo com manifesto publicado pela companhia na p\u00e1gina do evento: \u201cPara quem olha de fora, uma paisagem visual de festa.\u00a0Por que essas pessoas dan\u00e7am sem m\u00fasica?\u00a0A m\u00fasica toca exclusivamente nos FONES DE OUVIDOS que todos os foli\u00f5es trazem consigo.\u00a0O Carnaval Silencioso \u00e9 uma manifesta\u00e7\u00e3o art\u00edstica que toca em diversas quest\u00f5es pol\u00edticas sobre Cultura, diversidade e ocupa\u00e7\u00f5es art\u00edsticas urbanas. Onde as pessoas est\u00e3o livres para participar e compor a a\u00e7\u00e3o junto. \u00c9 um bloco de Carnaval que dan\u00e7a e canta para questionar a Lei do Sil\u00eancio e todos os silenciamentos praticados por leis, morais e pol\u00edticas aplicadas em Bras\u00edlia e no Brasil.\u00a0Suscitar debates na esfera p\u00fablica e pessoal das cidades e do pa\u00eds.\u201d<\/p>\n<p>A Carnavalesca conversou com a mo\u00e7ada do Carnaval Silencioso que arrastou muita gente nesta levada. Confira:<\/p>\n<p><strong>DJ OPS<\/strong><\/p>\n<p>\u201c\u00c9 um dos melhores eventos que j\u00e1 participei na vida. Sem exagero. \u00c9 uma alegria imensa. O conceito envolve um protesto contra a lei do Sil\u00eancio, e os absurdos que a sociedade imp\u00f5e pros artistas n\u00e3o trabalharem. Uma lei que diz que 55 decib\u00e9is s\u00e3o suficientes pra um artista poder trabalhar num espa\u00e7o comercial. Pra fazer o set tenho que imaginar exatamente onde o p\u00fablico vai estar e qual a energia deste momento. Passamos pela\u00a0 tesourinha, fecha a tesourinha, fecha o tr\u00e2nsito eu tenho que calcular o que vai tocar neste momento. Qual a energia que isto pede. Imaginar o que toca no final,\u00a0 que toca no come\u00e7o. \u00c9 um desafio incr\u00edvel e muito divertido ao mesmo tempo. S\u00e3o temas de Carnaval de todos os cantos do Brasil e do mundo. Desde os cl\u00e1ssicos que mexem com nossa mem\u00f3ria emotiva, at\u00e9 novidades que explodem no Carnaval Brasil afora, principalmente. E outros temas do mundo, da \u2018world music\u2019 que fazem a gente mexer, pular e querer gritar, apesar do silenciamento\u201d.<strong>\u00a0<\/strong><\/p>\n<p><strong>ANDAIME<\/strong><\/p>\n<p>\u201cO carnaval silencioso surgiu em 2009 com projeto Serpentes que Fumam, da Andaime Cia de Teatro.\u00a0 Serpentes que fumam \u00e9 inspirado no manifesto futurista do Filipo Marinetti , escrito\u00a0 em 1909 o manifesto fazia 100 anos, e foi inspira\u00e7\u00e3o para criar performances que utilizam a rua como dramaturgia. O carnaval silencioso \u00e9 uma, dentre varias a\u00e7\u00f5es desenvolvidas para o serpente que fumam\u201d .<\/p>\n<p>Pra quem perdeu e gostaria de sentir como foi&#8230; Pra quem pulou e quer revitalizar a vibe, a Carnavalesca compartilha abaixo links com o set do DJ Ops para Carnaval Silencioso 2018. Satisfa\u00e7\u00e3o imensa pela genialidade e generosidade deste Carnaval Silencioso, jamais silenciado.<\/p>\n<p><strong>CARNAVAL SILENCIOSO &#8211; DJ SET by DJ OPS<\/strong><\/p>\n<p>PARTE 01<\/p>\n<p><iframe loading=\"lazy\" src=\"https:\/\/www.youtube.com\/embed\/FxBShubPT08\" width=\"560\" height=\"315\" frameborder=\"0\" allowfullscreen=\"allowfullscreen\"><\/iframe><\/p>\n<p>PARTE 02<br \/>\n<iframe loading=\"lazy\" src=\"https:\/\/www.youtube.com\/embed\/VcB93YCbLlg\" width=\"560\" height=\"315\" frameborder=\"0\" allowfullscreen=\"allowfullscreen\"><\/iframe><\/p>\n<p>&nbsp;<\/p>\n","protected":false},"excerpt":{"rendered":"<p>&nbsp; E no m\u00eas de dezembro tem Carnaval ? Tem ! Em Bras\u00edlia ! Batizado de Carnaval Silencioso \u00e9 uma folia promovida pela Andaime Cia [&hellip;]<\/p>\n","protected":false},"author":1,"featured_media":3855,"comment_status":"open","ping_status":"open","sticky":false,"template":"","format":"standard","meta":{"footnotes":""},"categories":[274],"tags":[21,124,275,276],"class_list":["post-3761","post","type-post","status-publish","format-standard","has-post-thumbnail","hentry","category-blocos","tag-blocodecarnaval","tag-carnaval-de-rua","tag-carnaval-silencioso","tag-carnavaldf"],"_links":{"self":[{"href":"http:\/\/carnavalesca.org\/wp\/wp-json\/wp\/v2\/posts\/3761","targetHints":{"allow":["GET"]}}],"collection":[{"href":"http:\/\/carnavalesca.org\/wp\/wp-json\/wp\/v2\/posts"}],"about":[{"href":"http:\/\/carnavalesca.org\/wp\/wp-json\/wp\/v2\/types\/post"}],"author":[{"embeddable":true,"href":"http:\/\/carnavalesca.org\/wp\/wp-json\/wp\/v2\/users\/1"}],"replies":[{"embeddable":true,"href":"http:\/\/carnavalesca.org\/wp\/wp-json\/wp\/v2\/comments?post=3761"}],"version-history":[{"count":1,"href":"http:\/\/carnavalesca.org\/wp\/wp-json\/wp\/v2\/posts\/3761\/revisions"}],"predecessor-version":[{"id":3856,"href":"http:\/\/carnavalesca.org\/wp\/wp-json\/wp\/v2\/posts\/3761\/revisions\/3856"}],"wp:featuredmedia":[{"embeddable":true,"href":"http:\/\/carnavalesca.org\/wp\/wp-json\/wp\/v2\/media\/3855"}],"wp:attachment":[{"href":"http:\/\/carnavalesca.org\/wp\/wp-json\/wp\/v2\/media?parent=3761"}],"wp:term":[{"taxonomy":"category","embeddable":true,"href":"http:\/\/carnavalesca.org\/wp\/wp-json\/wp\/v2\/categories?post=3761"},{"taxonomy":"post_tag","embeddable":true,"href":"http:\/\/carnavalesca.org\/wp\/wp-json\/wp\/v2\/tags?post=3761"}],"curies":[{"name":"wp","href":"https:\/\/api.w.org\/{rel}","templated":true}]}}