{"id":694,"date":"2018-01-13T22:52:13","date_gmt":"2018-01-13T22:52:13","guid":{"rendered":"http:\/\/carnavalesca.org\/?p=694"},"modified":"2018-01-13T22:52:13","modified_gmt":"2018-01-13T22:52:13","slug":"programacao-do-carnaval-carioca","status":"publish","type":"post","link":"http:\/\/carnavalesca.org\/wp\/2018\/01\/13\/programacao-do-carnaval-carioca\/","title":{"rendered":"Programa\u00e7\u00e3o do Carnaval Carioca"},"content":{"rendered":"<p>E na cidade maravilhosa foi dada a largada para o Carnaval com in\u00fameros blocos confirmad\u00edssimos na cidade, o que n\u00e3o falta \u00e9 op\u00e7\u00e3o pra celebrar o direito \u00e0 cidade e \u00e0 nossa express\u00e3o cultural! E na cidade maravilhosa foi dada a largada para o Carnaval com in\u00fameros blocos confirmad\u00edssimos na cidade, o que n\u00e3o falta \u00e9 op\u00e7\u00e3o pra celebrar o direito \u00e0 cidade e \u00e0 nossa express\u00e3o cultural!<\/p>\n<p>Com op\u00e7\u00f5es para todos os estilos e idades, tem bloco com as tradicionais marchinhas, como o\u00a0<strong>Bola Preta<\/strong>\u00a0e a\u00a0<strong>Banda de Ipanema<\/strong>; os que apostam em samba pr\u00f3prio como o\u00a0<strong>Simpatia \u00e9 Quase Amor<\/strong>\u00a0e o\u00a0<strong>Imprensa Que Eu Gamo<\/strong>; e os que fazem releituras da MPB como o\u00a0<strong>Monobloco<\/strong>\u00a0e o<strong>\u00a0Empolga \u00e0s 9<\/strong>.<\/p>\n<p>Ah, mas se essa lista ficar um pouco confusa e voc\u00ea n\u00e3o decidir para onde ir, tem uma sele\u00e7\u00e3o especial onde\u00a0com certeza seu bloco est\u00e1!\u00a0<a href=\"https:\/\/catracalivre.com.br\/rio\/agenda\/gratis\/descubra-o-bloco-de-carnaval-de-rua-perfeito-para-voce-no-rio\/\" target=\"_blank\" rel=\"nofollow noopener noreferrer\">Descubra o bloco perfeito para voc\u00ea<\/a>!<\/p>\n<p>As informa\u00e7\u00f5es de datas, locais e blocos foram retiradas do <a href=\"http:\/\/diariodorio.com\/agenda-dos-blocos-de-rua-do-rio-em-2018\/\" target=\"_blank\" rel=\"noopener noreferrer\">Di\u00e1rio do Rio<\/a>.<\/p>\n<p>&nbsp;<\/p>\n<p>Fonte: Catraca Livre<\/p>\n<p><strong>\u00a0<\/strong><\/p>\n","protected":false},"excerpt":{"rendered":"<p>E na cidade maravilhosa foi dada a largada para o Carnaval com in\u00fameros blocos confirmad\u00edssimos na cidade, o que n\u00e3o falta \u00e9 op\u00e7\u00e3o pra celebrar [&hellip;]<\/p>\n","protected":false},"author":1,"featured_media":695,"comment_status":"closed","ping_status":"closed","sticky":false,"template":"","format":"standard","meta":{"footnotes":""},"categories":[5],"tags":[25],"class_list":["post-694","post","type-post","status-publish","format-standard","has-post-thumbnail","hentry","category-eventos","tag-carnaval2018"],"_links":{"self":[{"href":"http:\/\/carnavalesca.org\/wp\/wp-json\/wp\/v2\/posts\/694","targetHints":{"allow":["GET"]}}],"collection":[{"href":"http:\/\/carnavalesca.org\/wp\/wp-json\/wp\/v2\/posts"}],"about":[{"href":"http:\/\/carnavalesca.org\/wp\/wp-json\/wp\/v2\/types\/post"}],"author":[{"embeddable":true,"href":"http:\/\/carnavalesca.org\/wp\/wp-json\/wp\/v2\/users\/1"}],"replies":[{"embeddable":true,"href":"http:\/\/carnavalesca.org\/wp\/wp-json\/wp\/v2\/comments?post=694"}],"version-history":[{"count":0,"href":"http:\/\/carnavalesca.org\/wp\/wp-json\/wp\/v2\/posts\/694\/revisions"}],"wp:featuredmedia":[{"embeddable":true,"href":"http:\/\/carnavalesca.org\/wp\/wp-json\/wp\/v2\/media\/695"}],"wp:attachment":[{"href":"http:\/\/carnavalesca.org\/wp\/wp-json\/wp\/v2\/media?parent=694"}],"wp:term":[{"taxonomy":"category","embeddable":true,"href":"http:\/\/carnavalesca.org\/wp\/wp-json\/wp\/v2\/categories?post=694"},{"taxonomy":"post_tag","embeddable":true,"href":"http:\/\/carnavalesca.org\/wp\/wp-json\/wp\/v2\/tags?post=694"}],"curies":[{"name":"wp","href":"https:\/\/api.w.org\/{rel}","templated":true}]}}