{"id":988,"date":"2018-01-20T10:27:20","date_gmt":"2018-01-20T10:27:20","guid":{"rendered":"http:\/\/carnavalesca.org\/?p=988"},"modified":"2018-04-22T14:01:56","modified_gmt":"2018-04-22T14:01:56","slug":"acao-conjunta-pela-paz-no-carnaval-do-df","status":"publish","type":"post","link":"http:\/\/carnavalesca.org\/wp\/2018\/01\/20\/acao-conjunta-pela-paz-no-carnaval-do-df\/","title":{"rendered":"A\u00e7\u00e3o conjunta pela paz no Carnaval do DF"},"content":{"rendered":"<div dir=\"ltr\">Foi realizada na \u00faltima quinta-feira (18\/01) uma importante reuni\u00e3o para combater a viol\u00eancia no Carnaval do Distrito Federal com foco na seguran\u00e7a da comunidade LGBT e na abordagem da PM para com os foli\u00f5es nas ruas. O encontro foi conduzido pela presidenta da Comiss\u00e3o de Diversidade Sexual da OAB-DF, Priscila de Oliveira Mor\u00e9gola, e teve a participa\u00e7\u00e3o de representantes da Subsecretaria de Cidadania e Diversidade Cultural do DF, da Comiss\u00e3o dos Direitos Humanos da C\u00e2mara Legislativa, Secretaria de Turismo, representantes da sociedade civil, militantes de movimentos LGBT e de coordenadores de blocos carnavalescos do DF.<\/div>\n<div dir=\"ltr\">O GDF se comprometeu em lan\u00e7ar ainda esta semana uma campanha na internet para conscientizar a popula\u00e7\u00e3o sobre os direitos humanos, com foco nas mulheres e na comunidade LGBT. A OAB enviar\u00e1 ao governador Rodrigo Rollemberg uma carta de inten\u00e7\u00f5es para apoiar a campanha pela paz no Carnaval 2018. Uma importante reivindica\u00e7\u00e3o dos blocos de rua \u00e9 a participa\u00e7\u00e3o ativa e mais humanizada da Pol\u00edcia Militar, especialmente da Delegacia Especial de Repress\u00e3o aos Crimes por Discrimina\u00e7\u00e3o Racial, Religiosa ou por Orienta\u00e7\u00e3o Sexual ou Contra a Pessoa Idosa ou com Defici\u00eancia \u2013 DECRIN no Carnaval 2018.<\/div>\n<div dir=\"ltr\">Outra solicita\u00e7\u00e3o da sociedade civil foi a constru\u00e7\u00e3o de pol\u00edticas p\u00fablicas continuadas voltadas para o carnaval. Segundo\u00a0Sandro Cunha,\u00a0Subsecret\u00e1rio de Promo\u00e7\u00e3o e Marketing da Setur,\u00a0\u00a0o governado Rollemberg recomendou \u00e0 Secretaria de Seguran\u00e7a P\u00fablica o n\u00e3o uso do spray de pimenta e outras formas arbitr\u00e1rias de repress\u00e3o no Carnaval de rua do DF.<\/div>\n<div dir=\"ltr\"><\/div>\n<div dir=\"ltr\"><img loading=\"lazy\" decoding=\"async\" class=\"alignnone size-medium wp-image-989\" src=\"http:\/\/carnavalesca.org\/wp-content\/uploads\/2018\/01\/OAB-5-300x200.jpeg\" alt=\"\" width=\"300\" height=\"200\" \/> <img loading=\"lazy\" decoding=\"async\" class=\"alignnone size-medium wp-image-990\" src=\"http:\/\/carnavalesca.org\/wp-content\/uploads\/2018\/01\/OAB-3-300x200.jpeg\" alt=\"\" width=\"300\" height=\"200\" \/> <img loading=\"lazy\" decoding=\"async\" class=\"alignnone size-medium wp-image-991\" src=\"http:\/\/carnavalesca.org\/wp-content\/uploads\/2018\/01\/OAB-2-300x200.jpeg\" alt=\"\" width=\"300\" height=\"200\" \/> <img loading=\"lazy\" decoding=\"async\" class=\"alignnone size-medium wp-image-992\" src=\"http:\/\/carnavalesca.org\/wp-content\/uploads\/2018\/01\/OAB-9-200x300.jpeg\" alt=\"\" width=\"200\" height=\"300\" \/> <img loading=\"lazy\" decoding=\"async\" class=\"alignnone size-medium wp-image-993\" src=\"http:\/\/carnavalesca.org\/wp-content\/uploads\/2018\/01\/OAB-8-300x200.jpeg\" alt=\"\" width=\"300\" height=\"200\" \/> <img loading=\"lazy\" decoding=\"async\" class=\"alignnone size-medium wp-image-994\" src=\"http:\/\/carnavalesca.org\/wp-content\/uploads\/2018\/01\/OAB-7-300x200.jpeg\" alt=\"\" width=\"300\" height=\"200\" \/><\/div>\n<div dir=\"ltr\"><\/div>\n<div dir=\"ltr\">Fonte:\u00a0<a href=\"http:\/\/carnavalesca.org\/\" target=\"_blank\" rel=\"noopener noreferrer\" data-saferedirecturl=\"https:\/\/www.google.com\/url?hl=pt-BR&amp;q=http:\/\/carnavalesca.org\/&amp;source=gmail&amp;ust=1516529544419000&amp;usg=AFQjCNF5NoIXA1RkSyUGm7NQaxHsrQOLFw\">carnavalesca.org<\/a><\/div>\n","protected":false},"excerpt":{"rendered":"<p>Foi realizada na \u00faltima quinta-feira (18\/01) uma importante reuni\u00e3o para combater a viol\u00eancia no Carnaval do Distrito Federal com foco na seguran\u00e7a da comunidade LGBT [&hellip;]<\/p>\n","protected":false},"author":1,"featured_media":2522,"comment_status":"open","ping_status":"open","sticky":false,"template":"","format":"standard","meta":{"footnotes":""},"categories":[4],"tags":[42,21,25,213,110,57],"class_list":["post-988","post","type-post","status-publish","format-standard","has-post-thumbnail","hentry","category-cidadania","tag-igualdade-respeito-cidadania","tag-blocodecarnaval","tag-carnaval2018","tag-oab","tag-campanhapelapaznocarnaval","tag-secult-blocosderua-carnaval"],"_links":{"self":[{"href":"http:\/\/carnavalesca.org\/wp\/wp-json\/wp\/v2\/posts\/988","targetHints":{"allow":["GET"]}}],"collection":[{"href":"http:\/\/carnavalesca.org\/wp\/wp-json\/wp\/v2\/posts"}],"about":[{"href":"http:\/\/carnavalesca.org\/wp\/wp-json\/wp\/v2\/types\/post"}],"author":[{"embeddable":true,"href":"http:\/\/carnavalesca.org\/wp\/wp-json\/wp\/v2\/users\/1"}],"replies":[{"embeddable":true,"href":"http:\/\/carnavalesca.org\/wp\/wp-json\/wp\/v2\/comments?post=988"}],"version-history":[{"count":1,"href":"http:\/\/carnavalesca.org\/wp\/wp-json\/wp\/v2\/posts\/988\/revisions"}],"predecessor-version":[{"id":2523,"href":"http:\/\/carnavalesca.org\/wp\/wp-json\/wp\/v2\/posts\/988\/revisions\/2523"}],"wp:featuredmedia":[{"embeddable":true,"href":"http:\/\/carnavalesca.org\/wp\/wp-json\/wp\/v2\/media\/2522"}],"wp:attachment":[{"href":"http:\/\/carnavalesca.org\/wp\/wp-json\/wp\/v2\/media?parent=988"}],"wp:term":[{"taxonomy":"category","embeddable":true,"href":"http:\/\/carnavalesca.org\/wp\/wp-json\/wp\/v2\/categories?post=988"},{"taxonomy":"post_tag","embeddable":true,"href":"http:\/\/carnavalesca.org\/wp\/wp-json\/wp\/v2\/tags?post=988"}],"curies":[{"name":"wp","href":"https:\/\/api.w.org\/{rel}","templated":true}]}}